{"id":11870,"date":"2021-09-29T11:36:43","date_gmt":"2021-09-29T14:36:43","guid":{"rendered":"https:\/\/integravita.com.br\/blog-integravita\/?p=11870"},"modified":"2024-02-28T18:36:47","modified_gmt":"2024-02-28T21:36:47","slug":"5-motivos-para-voce-contratar-um-plano-de-saude","status":"publish","type":"post","link":"https:\/\/integravita.com.br\/blog-integravita\/geral\/5-motivos-para-voce-contratar-um-plano-de-saude\/","title":{"rendered":"5 Motivos Para Voc\u00ea Contratar Um Plano de Sa\u00fade"},"content":{"rendered":"<span class=\"rt-reading-time\" style=\"display: block;\"><span class=\"rt-label rt-prefix\">Tempo de Leitura: <\/span> <span class=\"rt-time\">2<\/span> <span class=\"rt-label rt-postfix\">minutos<\/span><\/span><p>Atualmente \u00e9 indispens\u00e1vel investir em um\u00a0<strong>plano de sa\u00fade,\u00a0<\/strong>principalmente devido ao momento em que o mundo est\u00e1 vivendo ap\u00f3s o surgimento do Covid-19, onde por muitas vezes deixou o Sistema \u00danico de Sa\u00fade superlotado e sem leitos.<\/p>\n<p>Al\u00e9m disso, voc\u00ea sabia que o tempo m\u00e9dio de vida dos brasileiros est\u00e1 cada vez maior? Fator que aumenta ainda mais a import\u00e2ncia dos cuidados com a sa\u00fade em qualquer fase da vida. Pensando nisso, vamos te da 5 motivos para voc\u00ea contratar um plano de sa\u00fade, al\u00e9m de provar que esse investimento cabe no seu bolso.<\/p>\n<p><strong>Economia<\/strong><\/p>\n<p>Como dito anteriormente, n\u00e3o \u00e9 sempre que o SUS est\u00e1 dispon\u00edvel para atendimentos, obrigando o paciente a recorrer para consultas, ou at\u00e9 mesmo exames particulares que possuem valores bem altos.<\/p>\n<p>Al\u00e9m disso, n\u00e3o podemos deixar de fora procedimentos ainda maiores, como cirurgias e interna\u00e7\u00f5es, onde a m\u00e9dia dos valores s\u00e3o ainda mais preocupantes.<\/p>\n<p><strong>M\u00e9dia de valores na rede privada:<\/strong><\/p>\n<ul>\n<li>Exame cardiovascular: de R$ 50,00 a 200,00<\/li>\n<li>Exame gen\u00e9tico de c\u00e2ncer: R$ 1.900,00<\/li>\n<li>Di\u00e1ria na UTI: R$ 2.000,00<\/li>\n<li>Exames de preven\u00e7\u00e3o, ultrassons, sangue, urina: de R$ 20,00 a 300,00<\/li>\n<li>Medicamento de c\u00e2ncer de mama: 40.000,00<\/li>\n<li>Consulta no ginecologista: R$ 400,00<\/li>\n<\/ul>\n<p>Pensando nisso, pagar por um plano de sa\u00fade pode gerar uma grande economia para a sua renda.<\/p>\n<p><strong>Atendimento garantido\u00a0<\/strong><\/p>\n<p>O tempo de espera por atendimentos ou at\u00e9 mesmo a falta dele \u00e9 uma das maiores queixas dos brasileiros quando o assunto est\u00e1 relacionado ao\u00a0<strong>SUS<\/strong>.<\/p>\n<p>Por isso, a qualidade e garantia de um atendimento, principalmente em situa\u00e7\u00f5es de emerg\u00eancia \u00e9 o fator principal que leva muitas pessoas a investirem em um plano de sa\u00fade.<\/p>\n<p><strong>Comodidade<\/strong><\/p>\n<p>Outra vantagem de contratar este tipo de servi\u00e7o \u00e9 poder escolh\u00ea-lo de acordo com a regi\u00e3o onde mora,\u00a0 facilitando ent\u00e3o o acesso a consult\u00f3rios e hospitais mais pr\u00f3ximos da sua resid\u00eancia.<\/p>\n<p>Al\u00e9m disso,\u00a0 os planos de sa\u00fade tamb\u00e9m oferecem praticidade at\u00e9 na hora de agendar uma consulta ou exame, visto que a maioria deles j\u00e1 fazem uso da tecnologia de aplicativos para a realiza\u00e7\u00e3o dessa tarefa.<\/p>\n<p>&nbsp;<\/p>\n<p><strong>Consulta com especialista garantida<\/strong><\/p>\n<p>Segundo pesquisas, um agendamento de consulta com especialista \u00e9 uma das tarefas mais dif\u00edceis de serem realizadas no Sistema \u00danico de Sa\u00fade. J\u00e1 com um plano de sa\u00fade este problema n\u00e3o existe, visto que esse tipo de atendimento \u00e9 muito mais r\u00e1pido e garantido.<\/p>\n<p><strong>Tranquilidade para voc\u00ea e sua fam\u00edlia<\/strong><\/p>\n<p>Cuidar das pessoas que amamos \u00e9 a prioridade das nossas vidas, n\u00e3o \u00e9 mesmo? Por\u00e9m, a vida \u00e9 cheia de imprevistos e n\u00e3o somos capazes de prever quando um problema de sa\u00fade est\u00e1 prestes a acontecer. Por isso, \u00e9 importante se prevenir para que estes momentos dif\u00edceis sejam o menos complicados e dolorosos poss\u00edvel.<br \/>\nVenha fazer uma cota\u00e7\u00e3o com a gente,\u00a0<a href=\"https:\/\/integravita.com.br\/cotacao-online\"><strong>entre em contato com os nossos atendentes<\/strong><\/a>!<\/p>\n","protected":false},"excerpt":{"rendered":"<p><span class=\"rt-reading-time\" style=\"display: block;\"><span class=\"rt-label rt-prefix\">Tempo de Leitura: <\/span> <span class=\"rt-time\">2<\/span> <span class=\"rt-label rt-postfix\">minutos<\/span><\/span> Atualmente \u00e9 indispens\u00e1vel investir em um\u00a0plano de sa\u00fade,\u00a0principalmente devido ao momento em que o mundo est\u00e1 vivendo ap\u00f3s o surgimento do Covid-19, onde por muitas vezes deixou o Sistema \u00danico de Sa\u00fade superlotado e sem leitos. Al\u00e9m disso, voc\u00ea sabia que o tempo m\u00e9dio de vida dos brasileiros est\u00e1 cada vez maior? Fator que aumenta [&hellip;]<\/p>\n","protected":false},"author":1,"featured_media":11939,"comment_status":"open","ping_status":"open","sticky":false,"template":"","format":"standard","meta":{"footnotes":""},"categories":[1],"tags":[],"yoast_head":"<!-- This site is optimized with the Yoast SEO plugin v22.6 - https:\/\/yoast.com\/wordpress\/plugins\/seo\/ -->\n<title>5 Motivos Para Voc\u00ea Contratar Um Plano de Sa\u00fade - Blog da Integravita<\/title>\n<meta name=\"robots\" content=\"index, follow, max-snippet:-1, max-image-preview:large, max-video-preview:-1\" \/>\n<link rel=\"canonical\" href=\"https:\/\/integravita.com.br\/blog-integravita\/geral\/5-motivos-para-voce-contratar-um-plano-de-saude\/\" \/>\n<meta property=\"og:locale\" content=\"pt_BR\" \/>\n<meta property=\"og:type\" content=\"article\" \/>\n<meta property=\"og:title\" content=\"5 Motivos Para Voc\u00ea Contratar Um Plano de Sa\u00fade - Blog da Integravita\" \/>\n<meta property=\"og:description\" content=\"Tempo de Leitura: 2 minutos Atualmente \u00e9 indispens\u00e1vel investir em um\u00a0plano de sa\u00fade,\u00a0principalmente devido ao momento em que o mundo est\u00e1 vivendo ap\u00f3s o surgimento do Covid-19, onde por muitas vezes deixou o Sistema \u00danico de Sa\u00fade superlotado e sem leitos. Al\u00e9m disso, voc\u00ea sabia que o tempo m\u00e9dio de vida dos brasileiros est\u00e1 cada vez maior? Fator que aumenta [&hellip;]\" \/>\n<meta property=\"og:url\" content=\"https:\/\/integravita.com.br\/blog-integravita\/geral\/5-motivos-para-voce-contratar-um-plano-de-saude\/\" \/>\n<meta property=\"og:site_name\" content=\"Blog da Integravita\" \/>\n<meta property=\"article:published_time\" content=\"2021-09-29T14:36:43+00:00\" \/>\n<meta property=\"article:modified_time\" content=\"2024-02-28T21:36:47+00:00\" \/>\n<meta property=\"og:image\" content=\"https:\/\/integravita.com.br\/blog-integravita\/wp-content\/uploads\/2021\/09\/5-motivos-planos-de-saude-menor.jpg\" \/>\n\t<meta property=\"og:image:width\" content=\"800\" \/>\n\t<meta property=\"og:image:height\" content=\"376\" \/>\n\t<meta property=\"og:image:type\" content=\"image\/jpeg\" \/>\n<meta name=\"author\" content=\"Integravita\" \/>\n<meta name=\"twitter:card\" content=\"summary_large_image\" \/>\n<meta name=\"twitter:label1\" content=\"Escrito por\" \/>\n\t<meta name=\"twitter:data1\" content=\"Integravita\" \/>\n\t<meta name=\"twitter:label2\" content=\"Est. tempo de leitura\" \/>\n\t<meta name=\"twitter:data2\" content=\"3 minutos\" \/>\n<script type=\"application\/ld+json\" class=\"yoast-schema-graph\">{\"@context\":\"https:\/\/schema.org\",\"@graph\":[{\"@type\":\"WebPage\",\"@id\":\"https:\/\/integravita.com.br\/blog-integravita\/geral\/5-motivos-para-voce-contratar-um-plano-de-saude\/\",\"url\":\"https:\/\/integravita.com.br\/blog-integravita\/geral\/5-motivos-para-voce-contratar-um-plano-de-saude\/\",\"name\":\"5 Motivos Para Voc\u00ea Contratar Um Plano de Sa\u00fade - Blog da Integravita\",\"isPartOf\":{\"@id\":\"https:\/\/integravita.com.br\/blog-integravita\/#website\"},\"primaryImageOfPage\":{\"@id\":\"https:\/\/integravita.com.br\/blog-integravita\/geral\/5-motivos-para-voce-contratar-um-plano-de-saude\/#primaryimage\"},\"image\":{\"@id\":\"https:\/\/integravita.com.br\/blog-integravita\/geral\/5-motivos-para-voce-contratar-um-plano-de-saude\/#primaryimage\"},\"thumbnailUrl\":\"https:\/\/integravita.com.br\/blog-integravita\/wp-content\/uploads\/2021\/09\/5-motivos-planos-de-saude-menor.jpg\",\"datePublished\":\"2021-09-29T14:36:43+00:00\",\"dateModified\":\"2024-02-28T21:36:47+00:00\",\"author\":{\"@id\":\"https:\/\/integravita.com.br\/blog-integravita\/#\/schema\/person\/1d724a0be46085346fa937f0dd0f51ee\"},\"breadcrumb\":{\"@id\":\"https:\/\/integravita.com.br\/blog-integravita\/geral\/5-motivos-para-voce-contratar-um-plano-de-saude\/#breadcrumb\"},\"inLanguage\":\"pt-BR\",\"potentialAction\":[{\"@type\":\"ReadAction\",\"target\":[\"https:\/\/integravita.com.br\/blog-integravita\/geral\/5-motivos-para-voce-contratar-um-plano-de-saude\/\"]}]},{\"@type\":\"ImageObject\",\"inLanguage\":\"pt-BR\",\"@id\":\"https:\/\/integravita.com.br\/blog-integravita\/geral\/5-motivos-para-voce-contratar-um-plano-de-saude\/#primaryimage\",\"url\":\"https:\/\/integravita.com.br\/blog-integravita\/wp-content\/uploads\/2021\/09\/5-motivos-planos-de-saude-menor.jpg\",\"contentUrl\":\"https:\/\/integravita.com.br\/blog-integravita\/wp-content\/uploads\/2021\/09\/5-motivos-planos-de-saude-menor.jpg\",\"width\":800,\"height\":376},{\"@type\":\"BreadcrumbList\",\"@id\":\"https:\/\/integravita.com.br\/blog-integravita\/geral\/5-motivos-para-voce-contratar-um-plano-de-saude\/#breadcrumb\",\"itemListElement\":[{\"@type\":\"ListItem\",\"position\":1,\"name\":\"In\u00edcio\",\"item\":\"https:\/\/integravita.com.br\/blog-integravita\/\"},{\"@type\":\"ListItem\",\"position\":2,\"name\":\"5 Motivos Para Voc\u00ea Contratar Um Plano de Sa\u00fade\"}]},{\"@type\":\"WebSite\",\"@id\":\"https:\/\/integravita.com.br\/blog-integravita\/#website\",\"url\":\"https:\/\/integravita.com.br\/blog-integravita\/\",\"name\":\"Blog da Integravita\",\"description\":\"Dicas de Saude e Bem estar da Integravita\",\"potentialAction\":[{\"@type\":\"SearchAction\",\"target\":{\"@type\":\"EntryPoint\",\"urlTemplate\":\"https:\/\/integravita.com.br\/blog-integravita\/?s={search_term_string}\"},\"query-input\":\"required name=search_term_string\"}],\"inLanguage\":\"pt-BR\"},{\"@type\":\"Person\",\"@id\":\"https:\/\/integravita.com.br\/blog-integravita\/#\/schema\/person\/1d724a0be46085346fa937f0dd0f51ee\",\"name\":\"Integravita\"}]}<\/script>\n<!-- \/ Yoast SEO plugin. -->","yoast_head_json":{"title":"5 Motivos Para Voc\u00ea Contratar Um Plano de Sa\u00fade - Blog da Integravita","robots":{"index":"index","follow":"follow","max-snippet":"max-snippet:-1","max-image-preview":"max-image-preview:large","max-video-preview":"max-video-preview:-1"},"canonical":"https:\/\/integravita.com.br\/blog-integravita\/geral\/5-motivos-para-voce-contratar-um-plano-de-saude\/","og_locale":"pt_BR","og_type":"article","og_title":"5 Motivos Para Voc\u00ea Contratar Um Plano de Sa\u00fade - Blog da Integravita","og_description":"Tempo de Leitura: 2 minutos Atualmente \u00e9 indispens\u00e1vel investir em um\u00a0plano de sa\u00fade,\u00a0principalmente devido ao momento em que o mundo est\u00e1 vivendo ap\u00f3s o surgimento do Covid-19, onde por muitas vezes deixou o Sistema \u00danico de Sa\u00fade superlotado e sem leitos. Al\u00e9m disso, voc\u00ea sabia que o tempo m\u00e9dio de vida dos brasileiros est\u00e1 cada vez maior? Fator que aumenta [&hellip;]","og_url":"https:\/\/integravita.com.br\/blog-integravita\/geral\/5-motivos-para-voce-contratar-um-plano-de-saude\/","og_site_name":"Blog da Integravita","article_published_time":"2021-09-29T14:36:43+00:00","article_modified_time":"2024-02-28T21:36:47+00:00","og_image":[{"width":800,"height":376,"url":"https:\/\/integravita.com.br\/blog-integravita\/wp-content\/uploads\/2021\/09\/5-motivos-planos-de-saude-menor.jpg","type":"image\/jpeg"}],"author":"Integravita","twitter_card":"summary_large_image","twitter_misc":{"Escrito por":"Integravita","Est. tempo de leitura":"3 minutos"},"schema":{"@context":"https:\/\/schema.org","@graph":[{"@type":"WebPage","@id":"https:\/\/integravita.com.br\/blog-integravita\/geral\/5-motivos-para-voce-contratar-um-plano-de-saude\/","url":"https:\/\/integravita.com.br\/blog-integravita\/geral\/5-motivos-para-voce-contratar-um-plano-de-saude\/","name":"5 Motivos Para Voc\u00ea Contratar Um Plano de Sa\u00fade - Blog da Integravita","isPartOf":{"@id":"https:\/\/integravita.com.br\/blog-integravita\/#website"},"primaryImageOfPage":{"@id":"https:\/\/integravita.com.br\/blog-integravita\/geral\/5-motivos-para-voce-contratar-um-plano-de-saude\/#primaryimage"},"image":{"@id":"https:\/\/integravita.com.br\/blog-integravita\/geral\/5-motivos-para-voce-contratar-um-plano-de-saude\/#primaryimage"},"thumbnailUrl":"https:\/\/integravita.com.br\/blog-integravita\/wp-content\/uploads\/2021\/09\/5-motivos-planos-de-saude-menor.jpg","datePublished":"2021-09-29T14:36:43+00:00","dateModified":"2024-02-28T21:36:47+00:00","author":{"@id":"https:\/\/integravita.com.br\/blog-integravita\/#\/schema\/person\/1d724a0be46085346fa937f0dd0f51ee"},"breadcrumb":{"@id":"https:\/\/integravita.com.br\/blog-integravita\/geral\/5-motivos-para-voce-contratar-um-plano-de-saude\/#breadcrumb"},"inLanguage":"pt-BR","potentialAction":[{"@type":"ReadAction","target":["https:\/\/integravita.com.br\/blog-integravita\/geral\/5-motivos-para-voce-contratar-um-plano-de-saude\/"]}]},{"@type":"ImageObject","inLanguage":"pt-BR","@id":"https:\/\/integravita.com.br\/blog-integravita\/geral\/5-motivos-para-voce-contratar-um-plano-de-saude\/#primaryimage","url":"https:\/\/integravita.com.br\/blog-integravita\/wp-content\/uploads\/2021\/09\/5-motivos-planos-de-saude-menor.jpg","contentUrl":"https:\/\/integravita.com.br\/blog-integravita\/wp-content\/uploads\/2021\/09\/5-motivos-planos-de-saude-menor.jpg","width":800,"height":376},{"@type":"BreadcrumbList","@id":"https:\/\/integravita.com.br\/blog-integravita\/geral\/5-motivos-para-voce-contratar-um-plano-de-saude\/#breadcrumb","itemListElement":[{"@type":"ListItem","position":1,"name":"In\u00edcio","item":"https:\/\/integravita.com.br\/blog-integravita\/"},{"@type":"ListItem","position":2,"name":"5 Motivos Para Voc\u00ea Contratar Um Plano de Sa\u00fade"}]},{"@type":"WebSite","@id":"https:\/\/integravita.com.br\/blog-integravita\/#website","url":"https:\/\/integravita.com.br\/blog-integravita\/","name":"Blog da Integravita","description":"Dicas de Saude e Bem estar da Integravita","potentialAction":[{"@type":"SearchAction","target":{"@type":"EntryPoint","urlTemplate":"https:\/\/integravita.com.br\/blog-integravita\/?s={search_term_string}"},"query-input":"required name=search_term_string"}],"inLanguage":"pt-BR"},{"@type":"Person","@id":"https:\/\/integravita.com.br\/blog-integravita\/#\/schema\/person\/1d724a0be46085346fa937f0dd0f51ee","name":"Integravita"}]}},"_links":{"self":[{"href":"https:\/\/integravita.com.br\/blog-integravita\/wp-json\/wp\/v2\/posts\/11870"}],"collection":[{"href":"https:\/\/integravita.com.br\/blog-integravita\/wp-json\/wp\/v2\/posts"}],"about":[{"href":"https:\/\/integravita.com.br\/blog-integravita\/wp-json\/wp\/v2\/types\/post"}],"author":[{"embeddable":true,"href":"https:\/\/integravita.com.br\/blog-integravita\/wp-json\/wp\/v2\/users\/1"}],"replies":[{"embeddable":true,"href":"https:\/\/integravita.com.br\/blog-integravita\/wp-json\/wp\/v2\/comments?post=11870"}],"version-history":[{"count":3,"href":"https:\/\/integravita.com.br\/blog-integravita\/wp-json\/wp\/v2\/posts\/11870\/revisions"}],"predecessor-version":[{"id":12233,"href":"https:\/\/integravita.com.br\/blog-integravita\/wp-json\/wp\/v2\/posts\/11870\/revisions\/12233"}],"wp:featuredmedia":[{"embeddable":true,"href":"https:\/\/integravita.com.br\/blog-integravita\/wp-json\/wp\/v2\/media\/11939"}],"wp:attachment":[{"href":"https:\/\/integravita.com.br\/blog-integravita\/wp-json\/wp\/v2\/media?parent=11870"}],"wp:term":[{"taxonomy":"category","embeddable":true,"href":"https:\/\/integravita.com.br\/blog-integravita\/wp-json\/wp\/v2\/categories?post=11870"},{"taxonomy":"post_tag","embeddable":true,"href":"https:\/\/integravita.com.br\/blog-integravita\/wp-json\/wp\/v2\/tags?post=11870"}],"curies":[{"name":"wp","href":"https:\/\/api.w.org\/{rel}","templated":true}]}}